{"id":340,"date":"2019-03-19T15:49:23","date_gmt":"2019-03-19T14:49:23","guid":{"rendered":"http:\/\/www.humanismeetentreprise.org\/?p=340"},"modified":"2019-07-28T18:10:13","modified_gmt":"2019-07-28T16:10:13","slug":"la-7e-rencontre-sorganise","status":"publish","type":"post","link":"https:\/\/www.humanismeetentreprise.org\/?p=340","title":{"rendered":"La 7e rencontre s&rsquo;organise&#8230;"},"content":{"rendered":"\n<p><\/p>\n\n\n\n<p>L&rsquo;\u00e9quipe des Rencontres Humanisme et Entreprise est heureuse de vous annoncer que la 7e \u00e9dition de cet \u00e9v\u00e9nement se d\u00e9roulera : <\/p>\n\n\n\n<ul><li>le jeudi 10 octobre 2019 de 14h30 \u00e0 19h.<\/li><li>lieu : ESSCA (campus d&rsquo;Angers).<\/li><\/ul>\n\n\n\n<p>Le th\u00e8me de cette ann\u00e9e est :<\/p>\n\n\n\n<p style=\"text-align:center\"><strong>Les entreprises, cr\u00e9atrices de solidarit\u00e9s !<\/strong><\/p>\n\n\n\n<p>Maintenant que cette date est inscrite dans votre agenda&#8230; Nous reviendrons vers vous prochainement pour les modalit\u00e9s d&rsquo;inscription. <\/p>\n\n\n\n<ul class=\"wp-block-gallery columns-1 is-cropped wp-block-gallery-1 is-layout-flex wp-block-gallery-is-layout-flex\"><li class=\"blocks-gallery-item\"><figure><img loading=\"lazy\" decoding=\"async\" width=\"1024\" height=\"722\" src=\"http:\/\/www.humanismeetentreprise.org\/wp-content\/uploads\/2019\/07\/Flyer-RHE2019-1024x722.jpg\" alt=\"\" data-id=\"353\" data-link=\"http:\/\/www.humanismeetentreprise.org\/?attachment_id=353\" class=\"wp-image-353\" srcset=\"https:\/\/www.humanismeetentreprise.org\/wp-content\/uploads\/2019\/07\/Flyer-RHE2019-1024x722.jpg 1024w, https:\/\/www.humanismeetentreprise.org\/wp-content\/uploads\/2019\/07\/Flyer-RHE2019-300x211.jpg 300w, https:\/\/www.humanismeetentreprise.org\/wp-content\/uploads\/2019\/07\/Flyer-RHE2019-768x541.jpg 768w, https:\/\/www.humanismeetentreprise.org\/wp-content\/uploads\/2019\/07\/Flyer-RHE2019-676x476.jpg 676w\" sizes=\"(max-width: 1024px) 100vw, 1024px\" \/><\/figure><\/li><\/ul>\n","protected":false},"excerpt":{"rendered":"<p>L&rsquo;\u00e9quipe des Rencontres Humanisme et Entreprise est heureuse de vous annoncer que la 7e \u00e9dition de cet \u00e9v\u00e9nement se d\u00e9roulera : le jeudi 10 octobre 2019 de 14h30 \u00e0 19h. lieu : ESSCA (campus d&rsquo;Angers). Le th\u00e8me de cette ann\u00e9e est : Les entreprises, cr\u00e9atrices de solidarit\u00e9s ! Maintenant que cette date est inscrite dans &hellip; <a href=\"https:\/\/www.humanismeetentreprise.org\/?p=340\" class=\"more-link\">Lire la suite de <span class=\"screen-reader-text\">La 7e rencontre s&rsquo;organise&#8230;<\/span><\/a><\/p>\n","protected":false},"author":2,"featured_media":0,"comment_status":"open","ping_status":"open","sticky":false,"template":"","format":"standard","meta":{"footnotes":""},"categories":[9],"tags":[],"_links":{"self":[{"href":"https:\/\/www.humanismeetentreprise.org\/index.php?rest_route=\/wp\/v2\/posts\/340"}],"collection":[{"href":"https:\/\/www.humanismeetentreprise.org\/index.php?rest_route=\/wp\/v2\/posts"}],"about":[{"href":"https:\/\/www.humanismeetentreprise.org\/index.php?rest_route=\/wp\/v2\/types\/post"}],"author":[{"embeddable":true,"href":"https:\/\/www.humanismeetentreprise.org\/index.php?rest_route=\/wp\/v2\/users\/2"}],"replies":[{"embeddable":true,"href":"https:\/\/www.humanismeetentreprise.org\/index.php?rest_route=%2Fwp%2Fv2%2Fcomments&post=340"}],"version-history":[{"count":4,"href":"https:\/\/www.humanismeetentreprise.org\/index.php?rest_route=\/wp\/v2\/posts\/340\/revisions"}],"predecessor-version":[{"id":354,"href":"https:\/\/www.humanismeetentreprise.org\/index.php?rest_route=\/wp\/v2\/posts\/340\/revisions\/354"}],"wp:attachment":[{"href":"https:\/\/www.humanismeetentreprise.org\/index.php?rest_route=%2Fwp%2Fv2%2Fmedia&parent=340"}],"wp:term":[{"taxonomy":"category","embeddable":true,"href":"https:\/\/www.humanismeetentreprise.org\/index.php?rest_route=%2Fwp%2Fv2%2Fcategories&post=340"},{"taxonomy":"post_tag","embeddable":true,"href":"https:\/\/www.humanismeetentreprise.org\/index.php?rest_route=%2Fwp%2Fv2%2Ftags&post=340"}],"curies":[{"name":"wp","href":"https:\/\/api.w.org\/{rel}","templated":true}]}}