{"id":411,"date":"2020-09-28T19:50:21","date_gmt":"2020-09-28T17:50:21","guid":{"rendered":"http:\/\/www.humanismeetentreprise.org\/?p=411"},"modified":"2024-10-14T15:19:04","modified_gmt":"2024-10-14T13:19:04","slug":"report-de-la-8e-edition","status":"publish","type":"post","link":"https:\/\/www.humanismeetentreprise.org\/?p=411","title":{"rendered":"Report de la 8e \u00e9dition"},"content":{"rendered":"\n<p>En cons\u00e9quence de la situation sanitaire actuelle, l&rsquo;\u00e9quipe d&rsquo;organisation des Rencontres Humanisme et Entreprise vous donne RDV en 2021 pour vivre ensemble la 8e \u00e9dition.<\/p>\n<p style=\"text-align: center;\"><iframe loading=\"lazy\" src=\"\/\/www.youtube.com\/embed\/JGcQG55T7ao\" width=\"560\" height=\"314\" allowfullscreen=\"allowfullscreen\"><\/iframe><\/p>\n<p>Comme vous l&rsquo;indique Fran\u00e7ois de La Perraudi\u00e8re, voici l&rsquo;enqu\u00eate : <a href=\"https:\/\/forms.gle\/8dZht9L1DN93Ai7u5\" target=\"_blank\" rel=\"noopener noreferrer\">https:\/\/forms.gle\/8dZht9L1DN93Ai7u5<\/a><\/p>\n<p>RDV en 2021 !<\/p>\n\n\n\n<p>\u00a0<\/p>\n<p>\u00a0<\/p>\n","protected":false},"excerpt":{"rendered":"<p>En cons\u00e9quence de la situation sanitaire actuelle, l&rsquo;\u00e9quipe d&rsquo;organisation des Rencontres Humanisme et Entreprise vous donne RDV en 2021 pour vivre ensemble la 8e \u00e9dition. Comme vous l&rsquo;indique Fran\u00e7ois de La Perraudi\u00e8re, voici l&rsquo;enqu\u00eate : https:\/\/forms.gle\/8dZht9L1DN93Ai7u5 RDV en 2021 ! \u00a0 \u00a0<\/p>\n","protected":false},"author":2,"featured_media":0,"comment_status":"open","ping_status":"open","sticky":false,"template":"","format":"standard","meta":{"footnotes":""},"categories":[10],"tags":[],"_links":{"self":[{"href":"https:\/\/www.humanismeetentreprise.org\/index.php?rest_route=\/wp\/v2\/posts\/411"}],"collection":[{"href":"https:\/\/www.humanismeetentreprise.org\/index.php?rest_route=\/wp\/v2\/posts"}],"about":[{"href":"https:\/\/www.humanismeetentreprise.org\/index.php?rest_route=\/wp\/v2\/types\/post"}],"author":[{"embeddable":true,"href":"https:\/\/www.humanismeetentreprise.org\/index.php?rest_route=\/wp\/v2\/users\/2"}],"replies":[{"embeddable":true,"href":"https:\/\/www.humanismeetentreprise.org\/index.php?rest_route=%2Fwp%2Fv2%2Fcomments&post=411"}],"version-history":[{"count":2,"href":"https:\/\/www.humanismeetentreprise.org\/index.php?rest_route=\/wp\/v2\/posts\/411\/revisions"}],"predecessor-version":[{"id":413,"href":"https:\/\/www.humanismeetentreprise.org\/index.php?rest_route=\/wp\/v2\/posts\/411\/revisions\/413"}],"wp:attachment":[{"href":"https:\/\/www.humanismeetentreprise.org\/index.php?rest_route=%2Fwp%2Fv2%2Fmedia&parent=411"}],"wp:term":[{"taxonomy":"category","embeddable":true,"href":"https:\/\/www.humanismeetentreprise.org\/index.php?rest_route=%2Fwp%2Fv2%2Fcategories&post=411"},{"taxonomy":"post_tag","embeddable":true,"href":"https:\/\/www.humanismeetentreprise.org\/index.php?rest_route=%2Fwp%2Fv2%2Ftags&post=411"}],"curies":[{"name":"wp","href":"https:\/\/api.w.org\/{rel}","templated":true}]}}