{"id":416,"date":"2021-10-08T09:10:05","date_gmt":"2021-10-08T07:10:05","guid":{"rendered":"http:\/\/www.humanismeetentreprise.org\/?p=416"},"modified":"2024-10-14T15:19:18","modified_gmt":"2024-10-14T13:19:18","slug":"8emes-rencontres-les-inscriptions-sont-ouvertes","status":"publish","type":"post","link":"https:\/\/www.humanismeetentreprise.org\/?p=416","title":{"rendered":"8\u00e8mes rencontres : les inscriptions sont ouvertes\u2026"},"content":{"rendered":"\n<div style=\"width: 676px;\" class=\"wp-video\"><!--[if lt IE 9]><script>document.createElement('video');<\/script><![endif]-->\n<video class=\"wp-video-shortcode\" id=\"video-416-1\" width=\"676\" height=\"380\" poster=\"http:\/\/www.humanismeetentreprise.org\/wp-content\/uploads\/2021\/09\/HE-14-Octobre-2021-m4v-image.jpg\" preload=\"metadata\" controls=\"controls\"><source type=\"video\/mp4\" src=\"http:\/\/www.humanismeetentreprise.org\/wp-content\/uploads\/2021\/09\/HE-14-Octobre-2021.m4v?_=1\" \/><a href=\"http:\/\/www.humanismeetentreprise.org\/wp-content\/uploads\/2021\/09\/HE-14-Octobre-2021.m4v\">http:\/\/www.humanismeetentreprise.org\/wp-content\/uploads\/2021\/09\/HE-14-Octobre-2021.m4v<\/a><\/video><\/div>\n\n\n\n<h2>\u00ab La raison d&rsquo;\u00eatre des entreprises \u00bb<\/h2>\n<h3>Le jeudi 14 octobre 2021 \u2013 \u00e0 14h00, \u00e0 l&rsquo;ESSCA<\/h3>\n<p><strong>PASS Sanitaire et masques Obligatoires<\/strong><\/p>\n<h2><strong><a href=\"https:\/\/www.eventbrite.fr\/e\/inscription-8e-rencontres-humanisme-et-entreprises-119475842461\" target=\"_blank\" rel=\"noreferrer noopener\" aria-label=\"Je m\u2019inscris ici ! (s\u2019ouvre dans un nouvel onglet)\">Je m\u2019inscris ici !<\/a><\/strong><\/h2>\n<h3>Programme 2021<\/h3>\n<h3>&#8212;<\/h3>\n<p><strong>14h00 &#8211; 14h30 : Accueil<\/strong><\/p>\n<p><strong>15h : Grand T\u00e9moin : Dom Didier LE GAL de <a href=\"https:\/\/st-wandrille.com\/\">l\u2019Abbaye de St Wandrille<\/a>, <\/strong>qui nous proposera de revisiter la notion de raison d&rsquo;\u00eatre et des engagements qui en d\u00e9coulent, au prisme de la R\u00e8gle de S. Beno\u00eet.<\/p>\n<p><strong>15h35 : \u00c9changes<\/strong><\/p>\n<p><strong>16h : Ateliers<\/strong><\/p>\n<p>1. La raison d\u2019\u00eatre d\u2019une entreprise : l\u2019expression d\u2019un engagement pour rendre le monde du travail meilleur. Avec La participation des DRO Anjou Maine (<a href=\"https:\/\/www.dirigeantsresponsablesdelouest.fr\/\">Dirigeants Responsables de l&rsquo;Ouest<\/a>)<\/p>\n<p><span data-slate-fragment=\"JTdCJTIyb2JqZWN0JTIyJTNBJTIyZG9jdW1lbnQlMjIlMkMlMjJkYXRhJTIyJTNBJTdCJTdEJTJDJTIybm9kZXMlMjIlM0ElNUIlN0IlMjJvYmplY3QlMjIlM0ElMjJibG9jayUyMiUyQyUyMnR5cGUlMjIlM0ElMjJwYXJhZ3JhcGglMjIlMkMlMjJkYXRhJTIyJTNBJTdCJTIyY2xhc3NOYW1lJTIyJTNBbnVsbCU3RCUyQyUyMm5vZGVzJTIyJTNBJTVCJTdCJTIyb2JqZWN0JTIyJTNBJTIydGV4dCUyMiUyQyUyMmxlYXZlcyUyMiUzQSU1QiU3QiUyMm9iamVjdCUyMiUzQSUyMmxlYWYlMjIlMkMlMjJ0ZXh0JTIyJTNBJTIyMi4lMjBSYWlzb24lMjBkJyVDMyVBQXRyZSUyMGRlJTIwbCdob3BpdGFsJTIwZmFjZSUyMCVDMyVBMCUyMGxhJTIwY3Jpc2UlMjBkdSUyMENvdmlkJTIwMTklMjAlM0ElMjBMJyVDMyVBOWxvZ2UlMjBkZSUyMGxhJTIwbWFyZ2UlMjBkZSUyMG1hbm9ldXZyZSUyMCUzQSUyMEFuaW1hdGlvbiUyMHBhciUyMElzYWJlbGxlJTIwUmljaGFyZCUyMERveWVuJTIwZHUlMjBDSFUlMjIlMkMlMjJtYXJrcyUyMiUzQSU1QiU1RCU3RCU1RCU3RCU1RCU3RCU1RCU3RA==\">2. Raison d&rsquo;\u00eatre de l\u2019Universit\u00e9 face \u00e0 la crise de la Covid 19 : L&rsquo;\u00e9loge de la marge de man\u0153uvre : Animation par Isabelle Richard Vice-Pr\u00e9sidente de l&rsquo;Universit\u00e9 d&rsquo;Angers<\/span> (<a href=\"https:\/\/www.univ-angers.fr\/fr\/acces-directs\/facultes-et-instituts\/faculte-de-sante.html\">UFR Sant\u00e9<\/a>)<\/p>\n<p>3. Distillerie Combier : entrepreneur et citoyen \u00e0 Saumur depuis 1834. T\u00e9moignage avec Franck Choisne (<a href=\"https:\/\/www.combier.fr\/\">Distillerie Combier<\/a>)<\/p>\n<p>4. La raison d\u2019\u00eatre d\u2019une \u00e9quipe municipale, \u00eatre au service des citoyens \u2026 seulement ? Avec J\u00e9r\u00e9my Girault (Maire de la <a href=\"https:\/\/www.savennieres.fr\/\">Commune de Savenni\u00e8res<\/a>)<\/p>\n<p><strong>17h35 : D\u00e9brief par atelier<\/strong><\/p>\n<p><strong>18h : Conclusion<\/strong><\/p>\n<p><strong>&#8212;<\/strong><\/p>\n<p data-key=\"92\"><span data-key=\"93\">N&rsquo;h\u00e9sitez pas \u00e0 r\u00e9pondre \u00e0 notre enqu\u00eate : <\/span><a href=\"https:\/\/docs.google.com\/forms\/d\/1V02EwtbBGVMEqSpLNuu7W5srg147UoiF6COllTJ_zbw\/prefill\" data-key=\"94\"><span data-key=\"95\">https:\/\/docs.google.com\/forms\/d\/1V02EwtbBGVMEqSpLNuu7W5srg147UoiF6COllTJ_zbw\/prefill<\/span><\/a><\/p>\n<p data-key=\"96\" data-slate-fragment=\"JTdCJTIyb2JqZWN0JTIyJTNBJTIyZG9jdW1lbnQlMjIlMkMlMjJkYXRhJTIyJTNBJTdCJTdEJTJDJTIybm9kZXMlMjIlM0ElNUIlN0IlMjJvYmplY3QlMjIlM0ElMjJibG9jayUyMiUyQyUyMnR5cGUlMjIlM0ElMjJwYXJhZ3JhcGglMjIlMkMlMjJkYXRhJTIyJTNBJTdCJTIyY2xhc3NOYW1lJTIyJTNBbnVsbCU3RCUyQyUyMm5vZGVzJTIyJTNBJTVCJTdCJTIyb2JqZWN0JTIyJTNBJTIydGV4dCUyMiUyQyUyMmxlYXZlcyUyMiUzQSU1QiU3QiUyMm9iamVjdCUyMiUzQSUyMmxlYWYlMjIlMkMlMjJ0ZXh0JTIyJTNBJTIyTidoJUMzJUE5c2l0ZXolMjBwYXMlMjAlQzMlQTAlMjByJUMzJUE5cG9uZHJlJTIwJUMzJUEwJTIwbm90cmUlMjBlbnF1JUMzJUFBdGUlMjAlM0ElMjAlMjIlMkMlMjJtYXJrcyUyMiUzQSU1QiU1RCU3RCU1RCU3RCUyQyU3QiUyMm9iamVjdCUyMiUzQSUyMmlubGluZSUyMiUyQyUyMnR5cGUlMjIlM0ElMjJsaW5rJTIyJTJDJTIyZGF0YSUyMiUzQSU3QiUyMmNsYXNzTmFtZSUyMiUzQW51bGwlMkMlMjJocmVmJTIyJTNBJTIyaHR0cHMlM0ElMkYlMkZkb2NzLmdvb2dsZS5jb20lMkZmb3JtcyUyRmQlMkYxVjAyRXd0YkJHVk1FcVNwTE51dTdXNXNyZzE0N1VvaUY2Q09sbFRKX3pidyUyRnByZWZpbGwlMjIlN0QlMkMlMjJub2RlcyUyMiUzQSU1QiU3QiUyMm9iamVjdCUyMiUzQSUyMnRleHQlMjIlMkMlMjJsZWF2ZXMlMjIlM0ElNUIlN0IlMjJvYmplY3QlMjIlM0ElMjJsZWFmJTIyJTJDJTIydGV4dCUyMiUzQSUyMmh0dHBzJTNBJTJGJTJGZG9jcy5nb29nbGUuY29tJTJGZm9ybXMlMkZkJTJGMVYwMkV3dGJCR1ZNRXFTcExOdXU3VzVzcmcxNDdVb2lGNkNPbGxUSl96YnclMkZwcmVmaWxsJTIyJTJDJTIybWFya3MlMjIlM0ElNUIlNUQlN0QlNUQlN0QlNUQlN0QlMkMlN0IlMjJvYmplY3QlMjIlM0ElMjJ0ZXh0JTIyJTJDJTIybGVhdmVzJTIyJTNBJTVCJTdCJTIyb2JqZWN0JTIyJTNBJTIybGVhZiUyMiUyQyUyMnRleHQlMjIlM0ElMjIlMjIlMkMlMjJtYXJrcyUyMiUzQSU1QiU1RCU3RCU1RCU3RCU1RCU3RCUyQyU3QiUyMm9iamVjdCUyMiUzQSUyMmJsb2NrJTIyJTJDJTIydHlwZSUyMiUzQSUyMnBhcmFncmFwaCUyMiUyQyUyMmRhdGElMjIlM0ElN0IlMjJjbGFzc05hbWUlMjIlM0FudWxsJTdEJTJDJTIybm9kZXMlMjIlM0ElNUIlN0IlMjJvYmplY3QlMjIlM0ElMjJ0ZXh0JTIyJTJDJTIybGVhdmVzJTIyJTNBJTVCJTdCJTIyb2JqZWN0JTIyJTNBJTIybGVhZiUyMiUyQyUyMnRleHQlMjIlM0ElMjJldCUyMHZvdXMlMjBkJUMzJUE5Y291dnJpcmV6JTIwbGUlMjByJUMzJUE5c3VsdGF0JTIwZGUlMjBjZSUyMHF1ZXN0aW9ubmFpcmUlMjBsb3JzJTIwZGUlMjBsYSUyMGpvdXJuJUMzJUE5ZS4lMjBRdWVzdGlvbnMlMjBpc3N1cyUyMGR1JTIwc29uZGFnZSUyMElmb3AlMjBwb3VyJTIwUGhpbG9ub21pc3QlMjBlbiUyMGphbnZpZXIlMjAyMDIwLiUyMiUyQyUyMm1hcmtzJTIyJTNBJTVCJTVEJTdEJTVEJTdEJTVEJTdEJTVEJTdE\"><span data-key=\"97\">et vous d\u00e9couvrirez le r\u00e9sultat de ce questionnaire lors de la journ\u00e9e. Questions issus du sondage Ifop pour Philonomist en janvier 2020.<\/span><\/p>\n<p>D\u00e9couvrez notre site internet : <a href=\"http:\/\/www.humanismeetentreprise.org\/\" target=\"_blank\" rel=\"nofollow noopener noreferrer\">www.humanismeetentreprise.org<\/a><\/p>\n<aside>Une initiative du <a href=\"https:\/\/www.diocese49.org\/\">Dioc\u00e8se d&rsquo;Angers<\/a>, service soci\u00e9t\u00e9 et cultures.<\/aside>\n<aside>En partenariat avec : l&rsquo;<a href=\"https:\/\/www.essca.fr\/\">ESSCA<\/a> et la <a href=\"https:\/\/www.maineetloire.cci.fr\/\">Chambre de Commerce et d&rsquo;Industrie<\/a>.<\/aside>\n<aside>Avec le soutien de : l&rsquo;<a href=\"https:\/\/www.ircom.fr\/\">Ircom<\/a>, l&rsquo;<a href=\"https:\/\/www.uco.fr\/fr\">Universit\u00e9 Catholique de l&rsquo;Ouest<\/a> et la <a href=\"https:\/\/jciangers.com\/\">Jeune Chambre \u00c9conomique d&rsquo;Angers<\/a>.<\/aside>\n<aside><\/aside>\n<aside><img loading=\"lazy\" decoding=\"async\" class=\"aligncenter size-full wp-image-49\" src=\"http:\/\/www.humanismeetentreprise.org\/wp-content\/uploads\/2014\/09\/PlanAcc\u00e8sAngers2013.png\" alt=\"\" width=\"2516\" height=\"1487\" srcset=\"https:\/\/www.humanismeetentreprise.org\/wp-content\/uploads\/2014\/09\/PlanAcc\u00e8sAngers2013.png 2516w, https:\/\/www.humanismeetentreprise.org\/wp-content\/uploads\/2014\/09\/PlanAcc\u00e8sAngers2013-300x177.png 300w, https:\/\/www.humanismeetentreprise.org\/wp-content\/uploads\/2014\/09\/PlanAcc\u00e8sAngers2013-1024x605.png 1024w, https:\/\/www.humanismeetentreprise.org\/wp-content\/uploads\/2014\/09\/PlanAcc\u00e8sAngers2013-676x399.png 676w\" sizes=\"(max-width: 2516px) 100vw, 2516px\" \/><\/aside>\n<aside><\/aside>\n<aside><\/aside>\n","protected":false},"excerpt":{"rendered":"<p>\u00ab La raison d&rsquo;\u00eatre des entreprises \u00bb Le jeudi 14 octobre 2021 \u2013 \u00e0 14h00, \u00e0 l&rsquo;ESSCA PASS Sanitaire et masques Obligatoires Je m\u2019inscris ici ! Programme 2021 &#8212; 14h00 &#8211; 14h30 : Accueil 15h : Grand T\u00e9moin : Dom Didier LE GAL de l\u2019Abbaye de St Wandrille, qui nous proposera de revisiter la notion &hellip; <a href=\"https:\/\/www.humanismeetentreprise.org\/?p=416\" class=\"more-link\">Lire la suite de <span class=\"screen-reader-text\">8\u00e8mes rencontres : les inscriptions sont ouvertes\u2026<\/span><\/a><\/p>\n","protected":false},"author":2,"featured_media":0,"comment_status":"open","ping_status":"open","sticky":false,"template":"","format":"standard","meta":{"footnotes":""},"categories":[11],"tags":[],"_links":{"self":[{"href":"https:\/\/www.humanismeetentreprise.org\/index.php?rest_route=\/wp\/v2\/posts\/416"}],"collection":[{"href":"https:\/\/www.humanismeetentreprise.org\/index.php?rest_route=\/wp\/v2\/posts"}],"about":[{"href":"https:\/\/www.humanismeetentreprise.org\/index.php?rest_route=\/wp\/v2\/types\/post"}],"author":[{"embeddable":true,"href":"https:\/\/www.humanismeetentreprise.org\/index.php?rest_route=\/wp\/v2\/users\/2"}],"replies":[{"embeddable":true,"href":"https:\/\/www.humanismeetentreprise.org\/index.php?rest_route=%2Fwp%2Fv2%2Fcomments&post=416"}],"version-history":[{"count":10,"href":"https:\/\/www.humanismeetentreprise.org\/index.php?rest_route=\/wp\/v2\/posts\/416\/revisions"}],"predecessor-version":[{"id":443,"href":"https:\/\/www.humanismeetentreprise.org\/index.php?rest_route=\/wp\/v2\/posts\/416\/revisions\/443"}],"wp:attachment":[{"href":"https:\/\/www.humanismeetentreprise.org\/index.php?rest_route=%2Fwp%2Fv2%2Fmedia&parent=416"}],"wp:term":[{"taxonomy":"category","embeddable":true,"href":"https:\/\/www.humanismeetentreprise.org\/index.php?rest_route=%2Fwp%2Fv2%2Fcategories&post=416"},{"taxonomy":"post_tag","embeddable":true,"href":"https:\/\/www.humanismeetentreprise.org\/index.php?rest_route=%2Fwp%2Fv2%2Ftags&post=416"}],"curies":[{"name":"wp","href":"https:\/\/api.w.org\/{rel}","templated":true}]}}