{"id":461,"date":"2022-07-19T10:27:17","date_gmt":"2022-07-19T08:27:17","guid":{"rendered":"https:\/\/www.humanismeetentreprise.org\/?p=461"},"modified":"2024-10-14T15:18:27","modified_gmt":"2024-10-14T13:18:27","slug":"tout-savoir-sur-les-9emes-rencontres-humanisme-entreprise","status":"publish","type":"post","link":"https:\/\/www.humanismeetentreprise.org\/?p=461","title":{"rendered":"Tout savoir sur les 9\u00e8mes Rencontres Humanisme &#038; Entreprise"},"content":{"rendered":"\n<p>Les Rencontres \u00ab\u00a0Humanisme et Entreprise\u00a0\u00bb ont \u00e9t\u00e9 cr\u00e9\u00e9es \u00e0 l\u2019initiative du service Soci\u00e9t\u00e9 et Cultures du\u00a0dioc\u00e8se d\u2019Angers. L\u2019objectif de ces rencontres est d\u2019apporter une r\u00e9flexion chr\u00e9tienne sur le monde \u00e9conomique. Elles s\u2019adressent \u00e0 un public large\u00a0: responsables d\u2019entreprise, responsables syndicaux, acteurs du monde politique et social, croyants ou non, universitaires ou \u00e9tudiants. Tous les secteurs (priv\u00e9s ou publics) sont concern\u00e9s.<\/p>\n<p>Pour ancrer cette r\u00e9flexion dans la r\u00e9alit\u00e9 professionnelle, le service Soci\u00e9t\u00e9 et Cultures a souhait\u00e9 organiser ces rencontres avec des partenaires engag\u00e9s dans le monde \u00e9conomique : la Chambre de Commerce et d\u2019Industrie de Maine-et-Loire et l\u2019ESSCA (site d\u2019Angers).<\/p>\n<p>Eclair\u00e9e par la r\u00e9flexion de l\u2019Eglise sur le travail, l\u2019entreprise, l\u2019\u00e9conomie<em>,<\/em> le profit, etc., ces Rencontres entrent en r\u00e9sonance avec l\u2019exhortation apostolique du pape Fran\u00e7ois qui invite l\u2019\u00c9glise \u00e0 annoncer aux p\u00e9riph\u00e9ries la \u00ab\u00a0joie de l\u2019\u00c9vangile\u00a0\u00bb.<\/p>\n<p>Cependant<strong>,<\/strong> ces Rencontres s\u2019inscrivent bien au-del\u00e0 du cadre religieux et loin de toute id\u00e9ologie\u00a0: elles s\u2019adressent \u00e0 toutes les personnes de bonne volont\u00e9. Lieu d\u2019\u00e9change et d\u2019\u00e9coute<strong>,<\/strong> les Rencontres sont des instants privil\u00e9gi\u00e9s pour sortir des engrenages anxiog\u00e8nes du quotidien\u00a0!<\/p>\n<p>Ces Rencontres ont \u00e9galement pour but de favoriser les synergies locales et la cr\u00e9ation du lien \u00e9co\/social<strong>,<\/strong> dans un esprit de bienveillance naturelle et une grande libert\u00e9 dans les \u00e9changes.<\/p>\n<p>L\u2019ann\u00e9e 2013 a marqu\u00e9 le coup d\u2019envoi de ces rencontres avec le th\u00e8me : \u00ab\u00a0\u00c9panouissement humain et performance \u00e9conomique : et si c\u2019\u00e9tait possible ?\u00a0\u00bb<\/p>\n<p>En 2022, le th\u00e8me est : \u00ab\u00a0L\u2019\u00e9conomie du Bien Commun, l\u2019avenir de la RSE (responsabilit\u00e9 soci\u00e9tale des entreprises)\u00a0?\u00a0\u00bb. La date est d\u00e9j\u00e0 fix\u00e9e\u00a0: Jeudi 3 novembre 2022\u00a0!<\/p>\n\n\n","protected":false},"excerpt":{"rendered":"<p>Les Rencontres \u00ab\u00a0Humanisme et Entreprise\u00a0\u00bb ont \u00e9t\u00e9 cr\u00e9\u00e9es \u00e0 l\u2019initiative du service Soci\u00e9t\u00e9 et Cultures du\u00a0dioc\u00e8se d\u2019Angers. L\u2019objectif de ces rencontres est d\u2019apporter une r\u00e9flexion chr\u00e9tienne sur le monde \u00e9conomique. Elles s\u2019adressent \u00e0 un public large\u00a0: responsables d\u2019entreprise, responsables syndicaux, acteurs du monde politique et social, croyants ou non, universitaires ou \u00e9tudiants. Tous les secteurs &hellip; <a href=\"https:\/\/www.humanismeetentreprise.org\/?p=461\" class=\"more-link\">Lire la suite de <span class=\"screen-reader-text\">Tout savoir sur les 9\u00e8mes Rencontres Humanisme &#038; Entreprise<\/span><\/a><\/p>\n","protected":false},"author":1,"featured_media":0,"comment_status":"open","ping_status":"open","sticky":false,"template":"","format":"standard","meta":{"footnotes":""},"categories":[12],"tags":[],"_links":{"self":[{"href":"https:\/\/www.humanismeetentreprise.org\/index.php?rest_route=\/wp\/v2\/posts\/461"}],"collection":[{"href":"https:\/\/www.humanismeetentreprise.org\/index.php?rest_route=\/wp\/v2\/posts"}],"about":[{"href":"https:\/\/www.humanismeetentreprise.org\/index.php?rest_route=\/wp\/v2\/types\/post"}],"author":[{"embeddable":true,"href":"https:\/\/www.humanismeetentreprise.org\/index.php?rest_route=\/wp\/v2\/users\/1"}],"replies":[{"embeddable":true,"href":"https:\/\/www.humanismeetentreprise.org\/index.php?rest_route=%2Fwp%2Fv2%2Fcomments&post=461"}],"version-history":[{"count":1,"href":"https:\/\/www.humanismeetentreprise.org\/index.php?rest_route=\/wp\/v2\/posts\/461\/revisions"}],"predecessor-version":[{"id":462,"href":"https:\/\/www.humanismeetentreprise.org\/index.php?rest_route=\/wp\/v2\/posts\/461\/revisions\/462"}],"wp:attachment":[{"href":"https:\/\/www.humanismeetentreprise.org\/index.php?rest_route=%2Fwp%2Fv2%2Fmedia&parent=461"}],"wp:term":[{"taxonomy":"category","embeddable":true,"href":"https:\/\/www.humanismeetentreprise.org\/index.php?rest_route=%2Fwp%2Fv2%2Fcategories&post=461"},{"taxonomy":"post_tag","embeddable":true,"href":"https:\/\/www.humanismeetentreprise.org\/index.php?rest_route=%2Fwp%2Fv2%2Ftags&post=461"}],"curies":[{"name":"wp","href":"https:\/\/api.w.org\/{rel}","templated":true}]}}